{"id":1923,"date":"2013-01-04T10:09:39","date_gmt":"2013-01-04T09:09:39","guid":{"rendered":"http:\/\/www.ralentirtravaux.com\/le_blog\/?p=1923"},"modified":"2013-04-13T13:02:10","modified_gmt":"2013-04-13T12:02:10","slug":"publication-du-premier-chapitre-du-manuel-de-sixieme","status":"publish","type":"post","link":"https:\/\/www.ralentirtravaux.com\/le_blog\/publication-du-premier-chapitre-du-manuel-de-sixieme\/","title":{"rendered":"Publication du premier chapitre du manuel de sixi\u00e8me"},"content":{"rendered":"<p><a href=\"https:\/\/www.ralentirtravaux.com\/le_blog\/wp-content\/uploads\/2013\/01\/couverture.jpg\" rel=\"lightbox[1923]\"><img loading=\"lazy\" decoding=\"async\" src=\"https:\/\/www.ralentirtravaux.com\/le_blog\/wp-content\/uploads\/2013\/01\/couverture-229x300.jpg\" alt=\"Couverture du premier chapitre\" title=\"Couverture du premier chapitre\" width=\"229\" height=\"300\" class=\"aligncenter size-medium wp-image-1924\" srcset=\"https:\/\/www.ralentirtravaux.com\/le_blog\/wp-content\/uploads\/2013\/01\/couverture-229x300.jpg 229w, https:\/\/www.ralentirtravaux.com\/le_blog\/wp-content\/uploads\/2013\/01\/couverture.jpg 475w\" sizes=\"auto, (max-width: 229px) 100vw, 229px\" \/><\/a><br \/>\nVoil\u00e0 une journ\u00e9e qui commence bien !<\/p>\n<p>Apple m\u2019envoie ce matin (ou cette nuit) un message pour me dire que mon livre est d\u00e9sormais disponible sur l\u2019iBookstore. L\u2019ann\u00e9e commence donc avec la publication du <a href=\"https:\/\/itunes.apple.com\/fr\/book\/les-fables-jean-la-fontaine\/id590108935?mt=11\" title=\"Premier chapitre du manuel de sixi\u00e8me\">premier chapitre du manuel de sixi\u00e8me conscr\u00e9 aux fables<\/a> ! <\/p>\n<p>Je ne vous r\u00e9explique pas tout. Je ne vous redis pas <a href=\"https:\/\/www.ralentirtravaux.com\/le_blog\/?p=1764\" title=\"Pourquoi j'\u00e9cris ce manuel\" target=\"_blank\">pourquoi j\u2019\u00e9cris ce manuel<\/a>, pourquoi j\u2019ai choisi de le <a href=\"https:\/\/www.ralentirtravaux.com\/le_blog\/?p=1909\" title=\"Publication par chapitre\" target=\"_blank\">publier dor\u00e9navant par chapitre<\/a>. En revanche, je vous laisse d\u00e9couvrir ce premier chapitre de ce nouveau manuel toujours libre, toujours gratuit.<\/p>\n<p>Vous pouvez le t\u00e9l\u00e9charger sur <a href=\"https:\/\/itunes.apple.com\/fr\/book\/les-fables-jean-la-fontaine\/id590108935?mt=11\" title=\"Le premier chapitre sur iTunes\" target=\"_blank\">iTunes<\/a>, <a href=\"https:\/\/itunesu.itunes.apple.com\/enroll\/EFK-VQM-ANE\" title=\"Le premier chapitre sur iTunes U\" target=\"_blank\">sur iTunes U<\/a>, <a href=\"https:\/\/www.dropbox.com\/s\/pduae8cp68zf1x2\/chapitre-I-les-fables.pdf\" title=\"Le premier chapitre en PDF\" target=\"_blank\">en PDF<\/a> ou m\u00eame retrouver la plupart de son contenu sur <a href=\"http:\/\/www.ralentirtravaux.com\" title=\"Ralentir travaux\" target=\"_blank\">Ralentir travaux<\/a>.<\/p>\n<p>Bonne lecture.<\/p>\n","protected":false},"excerpt":{"rendered":"<p>Voil\u00e0 une journ\u00e9e qui commence bien ! Apple m\u2019envoie ce matin (ou cette nuit) un message pour me dire que mon livre est d\u00e9sormais disponible sur l\u2019iBookstore. L\u2019ann\u00e9e commence donc avec la publication du premier chapitre du manuel de sixi\u00e8me conscr\u00e9 aux fables ! Je ne vous r\u00e9explique pas tout. Je ne vous redis pas [&hellip;]<\/p>\n","protected":false},"author":2,"featured_media":0,"comment_status":"open","ping_status":"open","sticky":false,"template":"","format":"standard","meta":{"footnotes":""},"categories":[28,29],"tags":[],"class_list":["post-1923","post","type-post","status-publish","format-standard","hentry","category-education","category-litterature"],"_links":{"self":[{"href":"https:\/\/www.ralentirtravaux.com\/le_blog\/wp-json\/wp\/v2\/posts\/1923","targetHints":{"allow":["GET"]}}],"collection":[{"href":"https:\/\/www.ralentirtravaux.com\/le_blog\/wp-json\/wp\/v2\/posts"}],"about":[{"href":"https:\/\/www.ralentirtravaux.com\/le_blog\/wp-json\/wp\/v2\/types\/post"}],"author":[{"embeddable":true,"href":"https:\/\/www.ralentirtravaux.com\/le_blog\/wp-json\/wp\/v2\/users\/2"}],"replies":[{"embeddable":true,"href":"https:\/\/www.ralentirtravaux.com\/le_blog\/wp-json\/wp\/v2\/comments?post=1923"}],"version-history":[{"count":6,"href":"https:\/\/www.ralentirtravaux.com\/le_blog\/wp-json\/wp\/v2\/posts\/1923\/revisions"}],"predecessor-version":[{"id":2241,"href":"https:\/\/www.ralentirtravaux.com\/le_blog\/wp-json\/wp\/v2\/posts\/1923\/revisions\/2241"}],"wp:attachment":[{"href":"https:\/\/www.ralentirtravaux.com\/le_blog\/wp-json\/wp\/v2\/media?parent=1923"}],"wp:term":[{"taxonomy":"category","embeddable":true,"href":"https:\/\/www.ralentirtravaux.com\/le_blog\/wp-json\/wp\/v2\/categories?post=1923"},{"taxonomy":"post_tag","embeddable":true,"href":"https:\/\/www.ralentirtravaux.com\/le_blog\/wp-json\/wp\/v2\/tags?post=1923"}],"curies":[{"name":"wp","href":"https:\/\/api.w.org\/{rel}","templated":true}]}}