{"id":1152,"date":"2009-12-29T18:39:54","date_gmt":"2009-12-29T17:39:54","guid":{"rendered":"http:\/\/www.ralentirtravaux.com\/le_blog\/?p=1152"},"modified":"2013-04-13T13:10:31","modified_gmt":"2013-04-13T12:10:31","slug":"sauvegarde-qui-peut","status":"publish","type":"post","link":"https:\/\/www.ralentirtravaux.com\/le_blog\/sauvegarde-qui-peut\/","title":{"rendered":"Sauvegarde qui peut"},"content":{"rendered":"<p style=\"text-align: justify;\">\n<div id=\"_mcePaste\" style=\"text-align: justify;\"><a href=\"https:\/\/www.ralentirtravaux.com\/le_blog\/wp-content\/uploads\/2009\/12\/eco_carriere.png\" rel=\"lightbox[1152]\"><img loading=\"lazy\" decoding=\"async\" class=\"alignleft size-medium wp-image-1153\" title=\"eco_carriere\" src=\"https:\/\/www.ralentirtravaux.com\/le_blog\/wp-content\/uploads\/2009\/12\/eco_carriere-192x300.png\" alt=\"\" width=\"192\" height=\"300\" srcset=\"https:\/\/www.ralentirtravaux.com\/le_blog\/wp-content\/uploads\/2009\/12\/eco_carriere-192x300.png 192w, https:\/\/www.ralentirtravaux.com\/le_blog\/wp-content\/uploads\/2009\/12\/eco_carriere.png 218w\" sizes=\"auto, (max-width: 192px) 100vw, 192px\" \/><\/a>Il y a peu, Pierre Assouline regrettait <a href=\"http:\/\/passouline.blog.lemonde.fr\/2009\/12\/27\/nayez-pas-peur-ceci-ne-tuera-pas-cela\/#xtor=RSS-32280322\">sur son blog<\/a> le contenu fort r\u00e9trograde de l\u2019\u00e9mission de Finkielkraut sur France Culture dans laquelle \u00e9tait invit\u00e9 Jean-Claude Carri\u00e8re. On s\u2019\u00e9tonnera peut-\u00eatre que l\u2019on s\u2019\u00e9tonne du contenu des \u00e9missions de Finkielkraut. Au reste, je ne saurais dire ce que je pense de ce dernier dont les propos \u00e0 forte teneur r\u00e9actionnaire me semblent souvent choquants (sur France Inter \u00e0 propos de Roman Polanski), mais j\u2019en parlerai peut-\u00eatre un jour, si je n\u2019ai rien d\u2019autre \u00e0 faire.<\/div>\n<div id=\"_mcePaste\" style=\"text-align: justify;\">Bref.<\/div>\n<div id=\"_mcePaste\" style=\"text-align: justify;\">Pierre Assouline d\u00e9plorait que nombre d\u2019id\u00e9es re\u00e7ues sur l\u2019informatique, sur son \u00e9crasante domination et sa menace sur le livre aient \u00e9t\u00e9 une fois de plus r\u00e9p\u00e9t\u00e9es \u00e0 l\u2019envi. Or il se trouve que je lis actuellement une s\u00e9rie d\u2019entretiens entre Umberto Eco et Jean-Claude Carri\u00e8re (<em>N\u2019esp\u00e9rez pas vous d\u00e9barrasser des livres<\/em>). J\u2019ai la conviction (il faudrait v\u00e9rifier, \u00e9couter l\u2019\u00e9mission de France Culture) que la pr\u00e9sence d\u2019Umberto Eco a servi de garde-fou aux d\u00e9bordements disons r\u00e9actionnaires de Carri\u00e8re. Ce dernier ne cache pas ou mal sa d\u00e9fiance pour l\u2019informatique. Umberto Eco \u00e9tant un utilisateur de longue date d\u2019ordinateurs (d\u00e8s les ann\u00e9es 80), il s\u2019est int\u00e9ress\u00e9 \u00e0 la programmation (\u00e0 l\u2019\u00e9poque, le basic, entre autres), il ne rechigne pas non plus \u00e0 exploser quelques envahisseurs extraterrestres pour se divertir, etc. Il ne voit donc pas dans l\u2019informatique une menace. En revanche, il croit en la sup\u00e9riorit\u00e9 du livre sur l\u2019ordinateur, mais il ne pense pas que l\u2019informatique tuera le livre. La pr\u00e9face est d\u00e9j\u00e0 un avertissement (celle de Jean-Philippe de Tonnac menant les entretiens), qui reprend en la d\u00e9mentant la citation hugolienne, laquelle expliquait comment l\u2019intelligence humaine avait quitt\u00e9 l\u2019architecture (la cath\u00e9drale) pour l\u2019imprimerie (\u00ab Ceci tuera cela. Le livre tuera l\u2019\u00e9difice \u00bb). Cependant, les cath\u00e9drales existent toujours. Il en sera de m\u00eame pour le livre. L\u2019e-book ne tuera pas le livre. Ils coexisteront. De toute fa\u00e7on, l\u2019e-book n\u2019entre pas en concurrence avec le livre. Il en est une d\u00e9clinaison, une \u00e9volution qui ne remplace par l\u2019objet originel dans lequel Umberto Eco voit la perfection. Selon lui, on ne peut pas faire mieux, on ne peut pas inventer mieux (comme la roue, la cuill\u00e8re&#8230;). Mon propos n\u2019\u00e9tant pas de prouver la sup\u00e9riorit\u00e9 du livre sur l\u2019ordinateur, je n\u2019insiste pas (j\u2019aime trop les deux), mais lisez <em>N\u2019esp\u00e9rez pas vous d\u00e9barrasser des livres<\/em>. C\u2019est passionnant (Carri\u00e8re dit des choses tr\u00e8s justes sur l\u2019informatique, notamment les nouvelles techniques, page 47).<\/div>\n<div id=\"_mcePaste\" style=\"text-align: justify;\">Poursuivons.<\/div>\n<div id=\"_mcePaste\" style=\"text-align: justify;\">Pierre Assouline se rit des invit\u00e9s de Finkielkraut qui s\u2019inqui\u00e8tent \u00ab du caract\u00e8re pr\u00e9caire de la conservation des donn\u00e9es \u00bb en informatique. \u00c0 dire vrai, j\u2019imagine que l\u2019\u00e9mission a d\u00fb \u00eatre \u00e9prouvante \u00e0 \u00e9couter (Finkielkraut pareil \u00e0 lui-m\u00eame, Carri\u00e8re qui se l\u00e2che, etc.), mais ils ne doivent pas avoir tout \u00e0 fait tort. Dans <em>N\u2019esp\u00e9rez pas vous d\u00e9barrasser des livres<\/em>, Umberto Eco \u00e9voque \u00e0 juste titre ce probl\u00e8me \u00e0 plusieurs reprises. Lorsqu\u2019il explique, page 82, qu\u2019il n\u2019a jamais retrouv\u00e9 une premi\u00e8re version du <em>Pendule de Foucault<\/em> enregistr\u00e9 sur une disquette en 1984 ou 1985, on fr\u00e9mit. Ces donn\u00e9es sont extr\u00eamement pr\u00e9caires et pas seulement parce qu\u2019on peut les \u00e9garer, mais parce qu\u2019elles sont grav\u00e9es sur des supports en permanente \u00e9volution et obsolescence (de la bande magn\u00e9tique \u00e0 la clef USB en passant par les disquettes de diff\u00e9rents formats, les CD-ROM, les DVD-ROM, les disques durs IDE et SATA puis SSD&#8230;). Dans le livre d\u2019entretien, ils omettent un autre probl\u00e8me qui me para\u00eet particuli\u00e8rement inqui\u00e9tant, celui du format choisi. La plupart du temps, nous confions nos pr\u00e9cieuses donn\u00e9es (et la m\u00e9moire de l&rsquo;humanit\u00e9 tout enti\u00e8re) \u00e0 un \u00e9diteur de logiciel que beaucoup ne se donnent m\u00eame pas la peine de payer. Tr\u00e8s souvent, il s\u2019agit de Microsoft (Word, Works&#8230;). Avez-vous pourtant id\u00e9e du nombre de logiciels de traitement de texte existant ? Vous \u00eates-vous d\u00e9j\u00e0 demand\u00e9 ce qui arriverait si le logiciel que vous avez l\u2019habitude d\u2019utiliser cessait d\u2019exister ? Ce n\u2019est pas impossible. Pensez \u00e0 <a href=\"http:\/\/www.generation-nt.com\/appleworks-iworks-apple-bureautique-actualite-44115.html\">AppleWorks<\/a>. Pensez \u00e0&#8230; <a href=\"http:\/\/www.gizmodo.fr\/2009\/08\/12\/un-juge-ordonne-larret-definitif-des-ventes-de-microsoft-word-dans-les-60-jours.html\">Word<\/a> qui pourrait dispara\u00eetre ou dont le format de fichier a chang\u00e9 (de .doc \u00e0 .docx). C\u2019est pourquoi il serait sain de s\u2019en remettre \u00e0 un format ouvert, celui d\u2019OpenOffice (<a href=\"http:\/\/fr.wikipedia.org\/wiki\/OpenDocument\">.odt<\/a>).<\/div>\n<div id=\"_mcePaste\" style=\"text-align: justify;\">De tout cela, j\u2019en conclus qu\u2019un vieux \u00ab chnoque \u00bb comme Jean-Claude Carri\u00e8re a des choses fort int\u00e9ressantes \u00e0 dire et \u00e0 nous apprendre, m\u00eame si elles me semblent provenir d\u2019un esprit qui ne comprend pas bien (et encore !) son \u00e9poque. Et puis, c\u2019est la premi\u00e8re fois que je lis avec tant d\u2019int\u00e9r\u00eat un auteur avec lequel je pourrais \u00eatre en total d\u00e9saccord sur certains points, tant il est vrai que la m\u00e9fiance envers internet m\u2019horripile (pensez \u00e0 Jacques S\u00e9gu\u00e9la et \u00e0 je ne sais plus qui).<\/div>\n<div id=\"_mcePaste\" style=\"text-align: justify;\">En tout cas, je retourne \u00e0 ma lecture inachev\u00e9e, et t\u00e9l\u00e9charge l\u2019\u00e9mission de France Culture.<\/div>\n","protected":false},"excerpt":{"rendered":"<p>Il y a peu, Pierre Assouline regrettait sur son blog le contenu fort r\u00e9trograde de l\u2019\u00e9mission de Finkielkraut sur France Culture dans laquelle \u00e9tait invit\u00e9 Jean-Claude Carri\u00e8re. On s\u2019\u00e9tonnera peut-\u00eatre que l\u2019on s\u2019\u00e9tonne du contenu des \u00e9missions de Finkielkraut. Au reste, je ne saurais dire ce que je pense de ce dernier dont les propos [&hellip;]<\/p>\n","protected":false},"author":2,"featured_media":0,"comment_status":"open","ping_status":"open","sticky":false,"template":"","format":"standard","meta":{"footnotes":""},"categories":[15,29,5],"tags":[],"class_list":["post-1152","post","type-post","status-publish","format-standard","hentry","category-humeur","category-litterature","category-lu"],"_links":{"self":[{"href":"https:\/\/www.ralentirtravaux.com\/le_blog\/wp-json\/wp\/v2\/posts\/1152","targetHints":{"allow":["GET"]}}],"collection":[{"href":"https:\/\/www.ralentirtravaux.com\/le_blog\/wp-json\/wp\/v2\/posts"}],"about":[{"href":"https:\/\/www.ralentirtravaux.com\/le_blog\/wp-json\/wp\/v2\/types\/post"}],"author":[{"embeddable":true,"href":"https:\/\/www.ralentirtravaux.com\/le_blog\/wp-json\/wp\/v2\/users\/2"}],"replies":[{"embeddable":true,"href":"https:\/\/www.ralentirtravaux.com\/le_blog\/wp-json\/wp\/v2\/comments?post=1152"}],"version-history":[{"count":7,"href":"https:\/\/www.ralentirtravaux.com\/le_blog\/wp-json\/wp\/v2\/posts\/1152\/revisions"}],"predecessor-version":[{"id":2288,"href":"https:\/\/www.ralentirtravaux.com\/le_blog\/wp-json\/wp\/v2\/posts\/1152\/revisions\/2288"}],"wp:attachment":[{"href":"https:\/\/www.ralentirtravaux.com\/le_blog\/wp-json\/wp\/v2\/media?parent=1152"}],"wp:term":[{"taxonomy":"category","embeddable":true,"href":"https:\/\/www.ralentirtravaux.com\/le_blog\/wp-json\/wp\/v2\/categories?post=1152"},{"taxonomy":"post_tag","embeddable":true,"href":"https:\/\/www.ralentirtravaux.com\/le_blog\/wp-json\/wp\/v2\/tags?post=1152"}],"curies":[{"name":"wp","href":"https:\/\/api.w.org\/{rel}","templated":true}]}}